{"id":2012,"date":"2019-07-25T00:55:50","date_gmt":"2019-07-24T22:55:50","guid":{"rendered":"http:\/\/chiendeberger.fr\/?p=2012"},"modified":"2019-07-27T20:11:59","modified_gmt":"2019-07-27T18:11:59","slug":"resultats-du-concours-continental-de-mezeriat-niv-1-3-20-21-juillet-2019-juge-j-l-vadakarn","status":"publish","type":"post","link":"http:\/\/chiendeberger.fr\/index.php\/2019\/07\/25\/resultats-du-concours-continental-de-mezeriat-niv-1-3-20-21-juillet-2019-juge-j-l-vadakarn\/","title":{"rendered":"R\u00e9sultats du concours continental de M\u00e9z\u00e9riat Niv 1-3, 20-21 juillet 2019, Juge: J.L.Vadakarn"},"content":{"rendered":"<p>R\u00e9sultats du concours continental de M\u00e9z\u00e9riat, 20-21. juillet 2019, juge J.L.Vadakarn<\/p>\n<p>Organisateur: Les Bergers des F\u00e9es, Contact: G\u00e9rard Amoros.<\/p>\n<p><img decoding=\"async\" loading=\"lazy\" class=\"size-full wp-image-2013 aligncenter\" src=\"http:\/\/chiendeberger.fr\/wp-content\/uploads\/2019\/07\/M\u00e9z\u00e9eriat2019_PodiumNiveau3.jpg\" alt=\"\" width=\"864\" height=\"620\" srcset=\"http:\/\/chiendeberger.fr\/wp-content\/uploads\/2019\/07\/M\u00e9z\u00e9eriat2019_PodiumNiveau3.jpg 864w, http:\/\/chiendeberger.fr\/wp-content\/uploads\/2019\/07\/M\u00e9z\u00e9eriat2019_PodiumNiveau3-300x215.jpg 300w, http:\/\/chiendeberger.fr\/wp-content\/uploads\/2019\/07\/M\u00e9z\u00e9eriat2019_PodiumNiveau3-768x551.jpg 768w\" sizes=\"(max-width: 864px) 100vw, 864px\" \/><\/p>\n<p>&nbsp;<\/p>\n<p>Podium du niveau 3, Benoit Voisin (1er) avec Galopin, Fran\u00e7ois Crouzet (2\u00e8me) avec Ipon, Anne-Sophie Lebrun (3\u00e8me) avec Histoire<\/p>\n<p>&nbsp;<\/p>\n<p>Album Photo:<\/p>\n<blockquote class=\"wp-embedded-content\" data-secret=\"BTwocxiHWE\"><p><a href=\"http:\/\/chiendeberger.fr\/index.php\/albums\/concours-continental-de-mezeriat-20-21-juillet-2019-juge-jl-vadakarn\/\">Concours continental de M\u00e9z\u00e9riat 20-21 juillet 2019, juge JL. Vadakarn<\/a><\/p><\/blockquote>\n<p><iframe class=\"wp-embedded-content\" sandbox=\"allow-scripts\" security=\"restricted\" style=\"position: absolute; clip: rect(1px, 1px, 1px, 1px);\" src=\"http:\/\/chiendeberger.fr\/index.php\/albums\/concours-continental-de-mezeriat-20-21-juillet-2019-juge-jl-vadakarn\/embed\/#?secret=BTwocxiHWE\" data-secret=\"BTwocxiHWE\" width=\"600\" height=\"338\" title=\"&laquo;&nbsp;Concours continental de M\u00e9z\u00e9riat 20-21 juillet 2019, juge JL. Vadakarn&nbsp;&raquo; &#8212; chien de berger continental\" frameborder=\"0\" marginwidth=\"0\" marginheight=\"0\" scrolling=\"no\"><\/iframe><\/p>\n<p>&nbsp;<\/p>\n<p>R\u00e9sultats:<\/p>\n<span class=\"tablepress-table-description tablepress-table-description-id-49\">CONCOURS CONTINENTAL NIVEAU 3, Juge: J.L. Vadakarn<br \/>\nOrganisateur: Les Bergers des F\u00e9es<br \/>\nContact: G\u00e9rard Amoros<br \/>\nLieu: M\u00e9z\u00e9riat (01), Date: 21 juillet 2019<\/span>\n\n<table id=\"tablepress-49\" class=\"tablepress tablepress-id-49\">\n<thead>\n<tr class=\"row-1 odd\">\n\t<th class=\"column-1\">#<\/th><th class=\"column-2\">Conducteur<\/th><th class=\"column-3\">Nom du chien<\/th><th class=\"column-4\">Affixe<\/th><th class=\"column-5\">Race<\/th><th class=\"column-6\">S<\/th><th class=\"column-7\">R\u00e9sultat<\/th><th class=\"column-8\">Qualif 1<\/th><th class=\"column-9\">Qualif 2<\/th>\n<\/tr>\n<\/thead>\n<tbody class=\"row-hover\">\n<tr class=\"row-2 even\">\n\t<td class=\"column-1\">1<\/td><td class=\"column-2\">Voisin Benoit<\/td><td class=\"column-3\">Galopin<\/td><td class=\"column-4\"><\/td><td class=\"column-5\">B.PYR.P.L.<\/td><td class=\"column-6\">M<\/td><td class=\"column-7\">119.5<\/td><td class=\"column-8\">Tr\u00e8s bon<\/td><td class=\"column-9\"><\/td>\n<\/tr>\n<tr class=\"row-3 odd\">\n\t<td class=\"column-1\">2<\/td><td class=\"column-2\">Crouzet Fran\u00e7ois<\/td><td class=\"column-3\">Ipon<\/td><td class=\"column-4\">De la Belgerie d'Elan<\/td><td class=\"column-5\">B.BEAUCE<\/td><td class=\"column-6\">F<\/td><td class=\"column-7\">112.5<\/td><td class=\"column-8\">Tr\u00e8s bon<\/td><td class=\"column-9\"><\/td>\n<\/tr>\n<tr class=\"row-4 even\">\n\t<td class=\"column-1\">3<\/td><td class=\"column-2\">Lebrun Anne-Sophie<\/td><td class=\"column-3\">Histoire<\/td><td class=\"column-4\">Des Lumi\u00e8res d'Automne<\/td><td class=\"column-5\">B.PICARD<\/td><td class=\"column-6\">F<\/td><td class=\"column-7\">108.5<\/td><td class=\"column-8\">Tr\u00e8s bon<\/td><td class=\"column-9\"><\/td>\n<\/tr>\n<tr class=\"row-5 odd\">\n\t<td class=\"column-1\">4<\/td><td class=\"column-2\">Haeyaert Philippe<\/td><td class=\"column-3\">Hecate<\/td><td class=\"column-4\">Von Lieblingen<\/td><td class=\"column-5\">BOU.ARD<\/td><td class=\"column-6\">F<\/td><td class=\"column-7\">102.5<\/td><td class=\"column-8\">Tr\u00e8s bon<\/td><td class=\"column-9\"><\/td>\n<\/tr>\n<tr class=\"row-6 even\">\n\t<td class=\"column-1\">5<\/td><td class=\"column-2\">Fort Fabrice<\/td><td class=\"column-3\">JR Cougard<\/td><td class=\"column-4\">Du Stuyver Veld<\/td><td class=\"column-5\">B.BEAUCE<\/td><td class=\"column-6\">M<\/td><td class=\"column-7\">74.0<\/td><td class=\"column-8\">-<\/td><td class=\"column-9\"><\/td>\n<\/tr>\n<tr class=\"row-7 odd\">\n\t<td class=\"column-1\">5<\/td><td class=\"column-2\">Legatte Pierre<\/td><td class=\"column-3\">Italianstype Betty Boop<\/td><td class=\"column-4\"><\/td><td class=\"column-5\">PUMI<\/td><td class=\"column-6\">F<\/td><td class=\"column-7\">69.5<\/td><td class=\"column-8\">-<\/td><td class=\"column-9\"><\/td>\n<\/tr>\n<tr class=\"row-8 even\">\n\t<td class=\"column-1\">7<\/td><td class=\"column-2\">Maurel Patrick<\/td><td class=\"column-3\">Mambo<\/td><td class=\"column-4\">Des Bergers Noirs du Jedi<\/td><td class=\"column-5\">B.BEAUCE<\/td><td class=\"column-6\">M<\/td><td class=\"column-7\">64.5<\/td><td class=\"column-8\">-<\/td><td class=\"column-9\"><\/td>\n<\/tr>\n<\/tbody>\n<\/table>\n<!-- #tablepress-49 from cache -->\n<p>&nbsp;<\/p>\n<span class=\"tablepress-table-description tablepress-table-description-id-48\">CONCOURS CONTINENTAL NIVEAU 2, Juge: J.L. Vadakarn<br \/>\nOrganisateur: Les Bergers des F\u00e9es<br \/>\nContact: G\u00e9rard Amoros<br \/>\nLieu: M\u00e9z\u00e9riat (01), Date: 21 juillet 2019<\/span>\n\n<table id=\"tablepress-48\" class=\"tablepress tablepress-id-48\">\n<thead>\n<tr class=\"row-1 odd\">\n\t<th class=\"column-1\">#<\/th><th class=\"column-2\">Conducteur<\/th><th class=\"column-3\">Nom du chien<\/th><th class=\"column-4\">Affixe<\/th><th class=\"column-5\">Race<\/th><th class=\"column-6\">S<\/th><th class=\"column-7\">R\u00e9sultat<\/th><th class=\"column-8\">Qualif 1<\/th><th class=\"column-9\">Qualif 2<\/th>\n<\/tr>\n<\/thead>\n<tbody class=\"row-hover\">\n<tr class=\"row-2 even\">\n\t<td class=\"column-1\">1<\/td><td class=\"column-2\">Babillot Dominique<\/td><td class=\"column-3\">Naiko<\/td><td class=\"column-4\">Du Royaume de Farouck<\/td><td class=\"column-5\">B.BEAUCE<\/td><td class=\"column-6\">M<\/td><td class=\"column-7\">72.0<\/td><td class=\"column-8\">Tr\u00e8s bon<\/td><td class=\"column-9\"><\/td>\n<\/tr>\n<tr class=\"row-3 odd\">\n\t<td class=\"column-1\">2<\/td><td class=\"column-2\">Scelles Benoit<\/td><td class=\"column-3\">N'Jesper <\/td><td class=\"column-4\">La Cense du Balmelok<\/td><td class=\"column-5\">BOU. ARD.<\/td><td class=\"column-6\">M<\/td><td class=\"column-7\">68.5<\/td><td class=\"column-8\">Tr\u00e9s bon<\/td><td class=\"column-9\"><\/td>\n<\/tr>\n<tr class=\"row-4 even\">\n\t<td class=\"column-1\">3<\/td><td class=\"column-2\">Behets Bianca<\/td><td class=\"column-3\">Popocorn<\/td><td class=\"column-4\">De la Belgerie<\/td><td class=\"column-5\">B.BELGE<\/td><td class=\"column-6\">F<\/td><td class=\"column-7\">63.0<\/td><td class=\"column-8\">Bon<\/td><td class=\"column-9\"><\/td>\n<\/tr>\n<tr class=\"row-5 odd\">\n\t<td class=\"column-1\">4<\/td><td class=\"column-2\">Tenud Gabrielle<\/td><td class=\"column-3\">Goya<\/td><td class=\"column-4\">Des Orckis de l'Adret<\/td><td class=\"column-5\">B.ALL,<\/td><td class=\"column-6\">F<\/td><td class=\"column-7\">50.0<\/td><td class=\"column-8\">-<\/td><td class=\"column-9\"><\/td>\n<\/tr>\n<tr class=\"row-6 even\">\n\t<td class=\"column-1\">5<\/td><td class=\"column-2\">Fine Jacques<\/td><td class=\"column-3\">Lhassa<\/td><td class=\"column-4\"> Bergers des Fays<\/td><td class=\"column-5\">B.PICARD<\/td><td class=\"column-6\">F<\/td><td class=\"column-7\">41.5<\/td><td class=\"column-8\">-<\/td><td class=\"column-9\"><\/td>\n<\/tr>\n<\/tbody>\n<\/table>\n<!-- #tablepress-48 from cache -->\n<p>&nbsp;<\/p>\n<span class=\"tablepress-table-description tablepress-table-description-id-50\">CONCOURS CONTINENTAL NIVEAU 2, Juge: J.L. Vadakarn<br \/>\nOrganisateur: Les Bergers des F\u00e9es<br \/>\nContact: G\u00e9rard Amoros<br \/>\nLieu: M\u00e9z\u00e9riat (01), Date: 20 juillet 2019<\/span>\n\n<table id=\"tablepress-50\" class=\"tablepress tablepress-id-50\">\n<thead>\n<tr class=\"row-1 odd\">\n\t<th class=\"column-1\">#<\/th><th class=\"column-2\">Conducteur<\/th><th class=\"column-3\">Nom du chien<\/th><th class=\"column-4\">Affixe<\/th><th class=\"column-5\">Race<\/th><th class=\"column-6\">S<\/th><th class=\"column-7\">R\u00e9sultat<\/th><th class=\"column-8\">Qualif 1<\/th><th class=\"column-9\">Qualif 2<\/th>\n<\/tr>\n<\/thead>\n<tbody class=\"row-hover\">\n<tr class=\"row-2 even\">\n\t<td class=\"column-1\">1<\/td><td class=\"column-2\">Guey Bereng\u00e8re<\/td><td class=\"column-3\">Finwe<\/td><td class=\"column-4\">Du Cr\u00e9puscule des Loups<\/td><td class=\"column-5\">B.BELGE<\/td><td class=\"column-6\">F<\/td><td class=\"column-7\">85.0<\/td><td class=\"column-8\">Excellent<\/td><td class=\"column-9\">Brevet<\/td>\n<\/tr>\n<tr class=\"row-3 odd\">\n\t<td class=\"column-1\">2<\/td><td class=\"column-2\">Trehet Gilles<\/td><td class=\"column-3\">Irish Coffee<\/td><td class=\"column-4\">De la Belgerie d'Elan<\/td><td class=\"column-5\">B.BEAUCE<\/td><td class=\"column-6\">F<\/td><td class=\"column-7\">71.0<\/td><td class=\"column-8\">Tr\u00e8s bon<\/td><td class=\"column-9\"><\/td>\n<\/tr>\n<tr class=\"row-4 even\">\n\t<td class=\"column-1\">3<\/td><td class=\"column-2\">Marey Christine<\/td><td class=\"column-3\">Iraty<\/td><td class=\"column-4\">Du Logis aux deux Puits<\/td><td class=\"column-5\">B.PYR.P.L.<\/td><td class=\"column-6\">M<\/td><td class=\"column-7\">57.5<\/td><td class=\"column-8\">Bon<\/td><td class=\"column-9\"><\/td>\n<\/tr>\n<tr class=\"row-5 odd\">\n\t<td class=\"column-1\">4<\/td><td class=\"column-2\">Campestrin Felix<\/td><td class=\"column-3\">It'sme<\/td><td class=\"column-4\">De la Prahas<\/td><td class=\"column-5\">B.BEAUCE<\/td><td class=\"column-6\">F<\/td><td class=\"column-7\">55.0<\/td><td class=\"column-8\">Bon<\/td><td class=\"column-9\"><\/td>\n<\/tr>\n<tr class=\"row-6 even\">\n\t<td class=\"column-1\">5<\/td><td class=\"column-2\">Grataloup Floriane<\/td><td class=\"column-3\">Elementary mon cher Watson<\/td><td class=\"column-4\">Twinway<\/td><td class=\"column-5\">COLLEY.PC.<\/td><td class=\"column-6\">M<\/td><td class=\"column-7\">49.5<\/td><td class=\"column-8\">-<\/td><td class=\"column-9\"><\/td>\n<\/tr>\n<tr class=\"row-7 odd\">\n\t<td class=\"column-1\">6<\/td><td class=\"column-2\">Muller Nicole<\/td><td class=\"column-3\">Fruska Reglisse<\/td><td class=\"column-4\">De la Petite Rochette<\/td><td class=\"column-5\">B.BRIE<\/td><td class=\"column-6\">F<\/td><td class=\"column-7\">42.0<\/td><td class=\"column-8\">-<\/td><td class=\"column-9\"><\/td>\n<\/tr>\n<tr class=\"row-8 even\">\n\t<td class=\"column-1\">7<\/td><td class=\"column-2\">Froment Christophe<\/td><td class=\"column-3\">In Black<\/td><td class=\"column-4\">Des Liens du Feu<\/td><td class=\"column-5\">B.BEAUCE<\/td><td class=\"column-6\">M<\/td><td class=\"column-7\">38.5<\/td><td class=\"column-8\">-<\/td><td class=\"column-9\"><\/td>\n<\/tr>\n<\/tbody>\n<\/table>\n<!-- #tablepress-50 from cache -->\n<p>&nbsp;<\/p>\n<span class=\"tablepress-table-description tablepress-table-description-id-47\">CONCOURS CONTINENTAL NIVEAU 1, Juge: J.L. Vadakarn<br \/>\nOrganisateur : Les Bergers des F\u00e9es<br \/>\nContact: G\u00e9rard Amoros<br \/>\nLieu: M\u00e9z\u00e9riat (01), Date: 20 juillet 2019<\/span>\n\n<table id=\"tablepress-47\" class=\"tablepress tablepress-id-47\">\n<thead>\n<tr class=\"row-1 odd\">\n\t<th class=\"column-1\">#<\/th><th class=\"column-2\">Conducteur<\/th><th class=\"column-3\">Nom du chien<\/th><th class=\"column-4\">Affixe<\/th><th class=\"column-5\">Race<\/th><th class=\"column-6\">S<\/th><th class=\"column-7\">R\u00e9sultat<\/th><th class=\"column-8\">Qualif 1<\/th><th class=\"column-9\">Qualif 2<\/th>\n<\/tr>\n<\/thead>\n<tbody class=\"row-hover\">\n<tr class=\"row-2 even\">\n\t<td class=\"column-1\">1<\/td><td class=\"column-2\">Volpe Sylvain<\/td><td class=\"column-3\">Naia by Garonne<\/td><td class=\"column-4\">Du Domaine de Carpe Diem<\/td><td class=\"column-5\">B.BEAUCE<\/td><td class=\"column-6\">F<\/td><td class=\"column-7\">58.0<\/td><td class=\"column-8\">Tr\u00e8s bon<\/td><td class=\"column-9\"><\/td>\n<\/tr>\n<tr class=\"row-3 odd\">\n\t<td class=\"column-1\">1<\/td><td class=\"column-2\">Froment Christophe<\/td><td class=\"column-3\">Onna<\/td><td class=\"column-4\">Du Berger de Saint Pancrace<\/td><td class=\"column-5\">B.BEAUCE<\/td><td class=\"column-6\">F<\/td><td class=\"column-7\">58.0<\/td><td class=\"column-8\">Tr\u00e8s bon<\/td><td class=\"column-9\"><\/td>\n<\/tr>\n<tr class=\"row-4 even\">\n\t<td class=\"column-1\">3<\/td><td class=\"column-2\">Ficara Bernard<\/td><td class=\"column-3\">Lambe<\/td><td class=\"column-4\">Ar Glaskerien Roudou<\/td><td class=\"column-5\">B.AUSTR.<\/td><td class=\"column-6\">M<\/td><td class=\"column-7\">55.3<\/td><td class=\"column-8\">Tr\u00e8s bon<\/td><td class=\"column-9\"><\/td>\n<\/tr>\n<tr class=\"row-5 odd\">\n\t<td class=\"column-1\">4<\/td><td class=\"column-2\">Picard Odile<\/td><td class=\"column-3\">I Love You<\/td><td class=\"column-4\">Du Moulin des Urandes<\/td><td class=\"column-5\">B.BELGE<\/td><td class=\"column-6\">F<\/td><td class=\"column-7\">52.0<\/td><td class=\"column-8\">Tr\u00e8s bon<\/td><td class=\"column-9\"><\/td>\n<\/tr>\n<tr class=\"row-6 even\">\n\t<td class=\"column-1\">5<\/td><td class=\"column-2\">Veillard Mich\u00e8le<\/td><td class=\"column-3\">Lais<\/td><td class=\"column-4\">Des Jardins de Damalis<\/td><td class=\"column-5\">B.PICARD<\/td><td class=\"column-6\">F<\/td><td class=\"column-7\">38.0<\/td><td class=\"column-8\">-<\/td><td class=\"column-9\"><\/td>\n<\/tr>\n<tr class=\"row-7 odd\">\n\t<td class=\"column-1\">6<\/td><td class=\"column-2\">M\u00fcller Nicole<\/td><td class=\"column-3\">Marlyssa Reglisse<\/td><td class=\"column-4\">De la Petite Rochette<\/td><td class=\"column-5\">B.BRIE<\/td><td class=\"column-6\">F<\/td><td class=\"column-7\">35.5<\/td><td class=\"column-8\">-<\/td><td class=\"column-9\"><\/td>\n<\/tr>\n<tr class=\"row-8 even\">\n\t<td class=\"column-1\">7<\/td><td class=\"column-2\">Cargnino Chrsitian<\/td><td class=\"column-3\">Hemilio<\/td><td class=\"column-4\">Des Monts d'En Crauzille<\/td><td class=\"column-5\">B.BRIE<\/td><td class=\"column-6\">M<\/td><td class=\"column-7\">14.0<\/td><td class=\"column-8\">-<\/td><td class=\"column-9\"><\/td>\n<\/tr>\n<\/tbody>\n<\/table>\n<!-- #tablepress-47 from cache -->\n","protected":false},"excerpt":{"rendered":"<p>R\u00e9sultats du concours continental de M\u00e9z\u00e9riat, 20-21. juillet 2019, juge J.L.Vadakarn Organisateur: Les Bergers des F\u00e9es, Contact: G\u00e9rard Amoros. &nbsp; Podium du niveau 3, Benoit Voisin (1er) avec Galopin, Fran\u00e7ois Crouzet (2\u00e8me) avec Ipon, Anne-Sophie Lebrun (3\u00e8me) avec Histoire &nbsp; Album Photo: Concours continental de M\u00e9z\u00e9riat 20-21 juillet 2019, juge JL. Vadakarn &nbsp; R\u00e9sultats: &nbsp; [&hellip;]<\/p>\n","protected":false},"author":1,"featured_media":0,"comment_status":"closed","ping_status":"closed","sticky":false,"template":"","format":"standard","meta":[],"categories":[19],"tags":[],"_links":{"self":[{"href":"http:\/\/chiendeberger.fr\/index.php\/wp-json\/wp\/v2\/posts\/2012"}],"collection":[{"href":"http:\/\/chiendeberger.fr\/index.php\/wp-json\/wp\/v2\/posts"}],"about":[{"href":"http:\/\/chiendeberger.fr\/index.php\/wp-json\/wp\/v2\/types\/post"}],"author":[{"embeddable":true,"href":"http:\/\/chiendeberger.fr\/index.php\/wp-json\/wp\/v2\/users\/1"}],"replies":[{"embeddable":true,"href":"http:\/\/chiendeberger.fr\/index.php\/wp-json\/wp\/v2\/comments?post=2012"}],"version-history":[{"count":5,"href":"http:\/\/chiendeberger.fr\/index.php\/wp-json\/wp\/v2\/posts\/2012\/revisions"}],"predecessor-version":[{"id":2053,"href":"http:\/\/chiendeberger.fr\/index.php\/wp-json\/wp\/v2\/posts\/2012\/revisions\/2053"}],"wp:attachment":[{"href":"http:\/\/chiendeberger.fr\/index.php\/wp-json\/wp\/v2\/media?parent=2012"}],"wp:term":[{"taxonomy":"category","embeddable":true,"href":"http:\/\/chiendeberger.fr\/index.php\/wp-json\/wp\/v2\/categories?post=2012"},{"taxonomy":"post_tag","embeddable":true,"href":"http:\/\/chiendeberger.fr\/index.php\/wp-json\/wp\/v2\/tags?post=2012"}],"curies":[{"name":"wp","href":"https:\/\/api.w.org\/{rel}","templated":true}]}}