{"id":337,"date":"2017-07-26T08:15:36","date_gmt":"2017-07-26T06:15:36","guid":{"rendered":"http:\/\/chiendeberger.fr\/?p=337"},"modified":"2017-12-04T20:53:19","modified_gmt":"2017-12-04T19:53:19","slug":"coupe-de-france-continentale-2017-a-mezeriat-le-mot-de-lorganisateur","status":"publish","type":"post","link":"https:\/\/chiendeberger.fr\/index.php\/2017\/07\/26\/coupe-de-france-continentale-2017-a-mezeriat-le-mot-de-lorganisateur\/","title":{"rendered":"Coupe de France Continentale 2017 \u00e0 M\u00e9z\u00e9riat, le mot de l&rsquo;organisateur"},"content":{"rendered":"<p>Quel bonheur d&rsquo;avoir enfin r\u00e9ussi \u00e0 monter cette premi\u00e8re coupe de France des Bergers continentaux! Les obstacles pour la r\u00e9aliser ont \u00e9t\u00e9 tr\u00e8s nombreux mais gr\u00e2ce \u00e0 notre groupe de travail\u00a0 et le soutien de la plus part des concurrents, la r\u00e9ussite \u00e9tait l\u00e0: magnifique journ\u00e9e pour nous tous avec une m\u00e9t\u00e9o qui s&rsquo;est sagement mise de notre c\u00f4t\u00e9 et le soutien inattendu\u00a0 de deux hauts responsables de la Centrale Canine qui ont partag\u00e9 nos joies et notre plaisir pour cette belle r\u00e9union pastorale. Personne ne nous a manqu\u00e9, les absents en l\u2019occurrence ont bien fait de s&rsquo;abstenir.<\/p>\n<p>Je ne parlerai pas des r\u00e9<img decoding=\"async\" loading=\"lazy\" class=\"alignright wp-image-338\" src=\"http:\/\/chiendeberger.fr\/wp-content\/uploads\/2017\/07\/GerardAmoros.jpg\" alt=\"\" width=\"322\" height=\"209\" srcset=\"https:\/\/chiendeberger.fr\/wp-content\/uploads\/2017\/07\/GerardAmoros.jpg 560w, https:\/\/chiendeberger.fr\/wp-content\/uploads\/2017\/07\/GerardAmoros-300x195.jpg 300w\" sizes=\"(max-width: 322px) 100vw, 322px\" \/>sultats largement \u00e9voqu\u00e9s, le plus important pour cette premi\u00e8re fut la r\u00e9ussite qui \u00e9tait au RDV. Merci \u00e0 tous, merci \u00e0 Mr Pierre Legatte juge SCC et \u00e0\u00a0 Mr Pierre Trollier qui l&rsquo;a assist\u00e9, merci aux concurrents, merci \u00e0 tous les b\u00e9n\u00e9voles qui ont eu un rude travail qu&rsquo;ils ont assum\u00e9 toujours dans la bonne humeur, merci aux amis qui sont rest\u00e9s lundi pour nous aider au d\u00e9montage et au rangement\u2026<\/p>\n<p>En conclusion, notre projet\u00a0 auquel peu de personnes croyaient est en train de se consolider sur de bonnes fondations. Il ne nous reste plus qu\u2019\u00e0 monter l&rsquo;\u00e9difice mais avec prudence, s\u00e9rieux, sans pr\u00e9cipitation\u00a0 et il n&rsquo;en sera que plus solide.<\/p>\n<p>Bonne continuation et bonne saison \u00e0 tous<\/p>\n<p>G\u00e9rard Amoros<\/p>\n","protected":false},"excerpt":{"rendered":"<p>Quel bonheur d&rsquo;avoir enfin r\u00e9ussi \u00e0 monter cette premi\u00e8re coupe de France des Bergers continentaux! Les obstacles pour la r\u00e9aliser ont \u00e9t\u00e9 tr\u00e8s nombreux mais gr\u00e2ce \u00e0 notre groupe de travail\u00a0 et le soutien de la plus part des concurrents, la r\u00e9ussite \u00e9tait l\u00e0: magnifique journ\u00e9e pour nous tous avec une m\u00e9t\u00e9o qui s&rsquo;est sagement [&hellip;]<\/p>\n","protected":false},"author":1,"featured_media":0,"comment_status":"closed","ping_status":"closed","sticky":false,"template":"","format":"standard","meta":[],"categories":[17],"tags":[],"_links":{"self":[{"href":"https:\/\/chiendeberger.fr\/index.php\/wp-json\/wp\/v2\/posts\/337"}],"collection":[{"href":"https:\/\/chiendeberger.fr\/index.php\/wp-json\/wp\/v2\/posts"}],"about":[{"href":"https:\/\/chiendeberger.fr\/index.php\/wp-json\/wp\/v2\/types\/post"}],"author":[{"embeddable":true,"href":"https:\/\/chiendeberger.fr\/index.php\/wp-json\/wp\/v2\/users\/1"}],"replies":[{"embeddable":true,"href":"https:\/\/chiendeberger.fr\/index.php\/wp-json\/wp\/v2\/comments?post=337"}],"version-history":[{"count":2,"href":"https:\/\/chiendeberger.fr\/index.php\/wp-json\/wp\/v2\/posts\/337\/revisions"}],"predecessor-version":[{"id":340,"href":"https:\/\/chiendeberger.fr\/index.php\/wp-json\/wp\/v2\/posts\/337\/revisions\/340"}],"wp:attachment":[{"href":"https:\/\/chiendeberger.fr\/index.php\/wp-json\/wp\/v2\/media?parent=337"}],"wp:term":[{"taxonomy":"category","embeddable":true,"href":"https:\/\/chiendeberger.fr\/index.php\/wp-json\/wp\/v2\/categories?post=337"},{"taxonomy":"post_tag","embeddable":true,"href":"https:\/\/chiendeberger.fr\/index.php\/wp-json\/wp\/v2\/tags?post=337"}],"curies":[{"name":"wp","href":"https:\/\/api.w.org\/{rel}","templated":true}]}}