{"id":3669,"date":"2025-07-21T20:05:13","date_gmt":"2025-07-21T18:05:13","guid":{"rendered":"https:\/\/chiendeberger.fr\/?p=3669"},"modified":"2025-08-21T00:13:48","modified_gmt":"2025-08-20T22:13:48","slug":"concours-continental-de-mezeriat-2025-mot-du-juge-j-marguet","status":"publish","type":"post","link":"https:\/\/chiendeberger.fr\/index.php\/2025\/07\/21\/concours-continental-de-mezeriat-2025-mot-du-juge-j-marguet\/","title":{"rendered":"Concours continental de M\u00e9z\u00e9riat 2025, mot du juge, J.Marguet"},"content":{"rendered":"\n<p><strong>Concours <\/strong>\u00ab <strong>troupeau <\/strong>\u00bb <strong>Continental<\/strong>, <strong>M\u00e9z\u00e9riat les 11<\/strong>, <strong>12<\/strong>, <strong>13 juillet 2025<\/strong><\/p>\n\n\n\n<p>C\u2019est avec un r\u00e9el plaisir que j\u2019ai r\u00e9pondu favorablement \u00e0 l\u2019invitation de G\u00e9rard Amoros pour juger ce concours.<\/p>\n\n\n\n<p>Dix races* diff\u00e9rentes s\u2019affrontaient, chacune d\u2019elles avec ses sp\u00e9cificit\u00e9s raciales.<\/p>\n\n\n\n<p><strong>En niveau 1<\/strong> le vendredi c\u2019est le chien non LOF de Anne-Sophie Lebrun qui se montre le meilleur du groupe avec le qualificatif TB.<\/p>\n\n\n\n<p><strong>En niveau 1<\/strong> le samedi, le beauceron Urkan de JM Bisquert r\u00e9alise un parcours presque sans&nbsp; fautes. 72\/75 qualificatif Exc. Un chien d\u00e9j\u00e0 bien aux ordres et bien conduit, \u00e7a fait des pts.<\/p>\n\n\n\n<p><strong>En niveau 2<\/strong>, Eric Tanret et Pom, son berger des Pyr\u00e9n\u00e9es d\u00e9croche la timbale avec un pointage de 91\/100, Exc et Brevet. Ce petit chien (par la taille) a su faire preuve d\u2019autorit\u00e9 quand il le fallait. J\u2019ai appr\u00e9ci\u00e9 l\u2019\u00e9coute de ce chien et son allure propre \u00e0 sa race.&nbsp;<\/p>\n\n\n\n<p><strong>En niveau 3<\/strong>, huit chiens, de sept races diff\u00e9rentes, ont pu faire une partie du parcours avec un lot de 140 animaux. Quelle aubaine&nbsp;! Avant cela, chaque concurrent devait faire entrer 140 brebis dans le parc de tri, puis trier 30 brebis marqu\u00e9es. Ce travail en parc allait s\u2019av\u00e9rer assez difficile et long surtout pour les chiens qui ne tenaient leur place ordonn\u00e9e par le conducteur. L\u2019indiscipline et\/ou le manque de travail de certains sujets ont co\u00fbt\u00e9 du temps et des points. Les deux derniers tiers du parcours se faisaient avec le lot des 30 brebis marqu\u00e9es. Un panel d\u2019exercices repr\u00e9sentant le travail en ferme m\u2019ont permis d\u2019\u00e9valuer les aptitudes naturelles des chiens, renforc\u00e9es par un dressage plus ou moins bien mis en place.<\/p>\n\n\n\n<p>Sur ce parcours complet, c\u2019est Michel Pillard et sa beauceronne Syphen qui gagne \u2018\u2019haut la main\u2019\u2019 en totalisant 142 points, Exc et CACT. La bonne connaissance de l\u2019esp\u00e8ce ovine alli\u00e9e \u00e0 un travail remarquable ont permis \u00e0 Michel et Syphen d\u2019obtenir ce joli r\u00e9sultat.<\/p>\n\n\n\n<p>Je pr\u00e9cise que l\u2019id\u00e9e de conduire un lot tr\u00e8s important est de G\u00e9rard Amoros&nbsp;; bonne id\u00e9e que j\u2019ai tout de suite partag\u00e9.<\/p>\n\n\n\n<p>Merci encore \u00e0 Marie et G\u00e9rard pour leur accueil aussi chaleureux que familial. Pour la mise \u00e0 disposition de leurs brebis, de leurs terrains et presque de leur maison.<\/p>\n\n\n\n<p>C\u2019\u00e9tait le dernier concours qu\u2019ils organisaient, nous ont ils dit&nbsp;?\u2026<\/p>\n\n\n\n<p>Merci pour tout ce qu\u2019ils ont fait en faveur du chien de troupeau en g\u00e9n\u00e9ral et du berger fran\u00e7ais en particulier. Apr\u00e8s tout, ils ont droit \u00e0 un repos bien m\u00e9rit\u00e9.<\/p>\n\n\n\n<p>&nbsp;&nbsp;&nbsp;&nbsp;&nbsp;&nbsp;&nbsp;&nbsp;&nbsp;&nbsp;&nbsp;&nbsp;&nbsp;&nbsp;&nbsp;&nbsp;&nbsp;&nbsp;&nbsp;&nbsp;&nbsp;&nbsp;&nbsp;&nbsp;&nbsp;&nbsp;&nbsp;&nbsp;&nbsp;&nbsp;&nbsp;&nbsp;&nbsp;&nbsp;&nbsp;&nbsp;&nbsp;&nbsp;&nbsp;&nbsp;&nbsp;&nbsp;&nbsp;&nbsp;&nbsp;&nbsp;&nbsp;&nbsp;&nbsp;&nbsp;&nbsp;&nbsp;&nbsp;&nbsp;&nbsp;&nbsp;&nbsp;&nbsp;&nbsp;&nbsp;&nbsp;&nbsp;&nbsp;&nbsp;&nbsp;&nbsp;&nbsp;&nbsp;&nbsp;&nbsp;&nbsp;&nbsp;&nbsp;&nbsp;&nbsp;&nbsp;&nbsp;&nbsp;&nbsp;&nbsp;&nbsp;&nbsp;&nbsp;&nbsp;&nbsp;&nbsp;&nbsp;&nbsp;&nbsp;&nbsp;&nbsp;&nbsp;&nbsp;&nbsp;&nbsp;&nbsp;&nbsp;&nbsp;&nbsp;&nbsp;&nbsp;&nbsp;&nbsp;&nbsp;&nbsp;&nbsp;&nbsp;&nbsp; &nbsp;&nbsp;&nbsp;Jean Marguet<\/p>\n\n\n\n<p><\/p>\n\n\n\n<ul>\n<li>note de la r\u00e9daction sur les 10 races:  Berger de Brie &#8211; Berger Picard &#8211; Berger des Pyr\u00e9n\u00e9es &#8211; Bouvier des Ardennes &#8211; Beauceron &#8211; Berger d&rsquo;Auvergne &#8211; Berger Allemand &#8211; Berger Hollandais &#8211; Berger Belge &#8211; Welch Corgy.<\/li>\n<\/ul>\n\n\n\n<p> <a href=\"https:\/\/chiendeberger.fr\/index.php\/2025\/07\/19\/resultats-concours-continental-mezeriat-11-12-07-2025-juge-j-marguet\/\">R\u00e9sultats<\/a><\/p>\n\n\n\n<p>Jean Marguet au concours de M\u00e9z\u00e9riat, juillet 2025<\/p>\n\n\n\n<figure class=\"wp-block-image is-resized\"><img decoding=\"async\" loading=\"lazy\" src=\"http:\/\/chiendeberger.fr\/wp-content\/uploads\/2025\/07\/2025_Mezeriat_JMarguet_21-07-_2025_19-35-30.jpg\" alt=\"\" class=\"wp-image-3672\" width=\"840\" height=\"375\" srcset=\"https:\/\/chiendeberger.fr\/wp-content\/uploads\/2025\/07\/2025_Mezeriat_JMarguet_21-07-_2025_19-35-30.jpg 1764w, https:\/\/chiendeberger.fr\/wp-content\/uploads\/2025\/07\/2025_Mezeriat_JMarguet_21-07-_2025_19-35-30-300x134.jpg 300w, https:\/\/chiendeberger.fr\/wp-content\/uploads\/2025\/07\/2025_Mezeriat_JMarguet_21-07-_2025_19-35-30-1024x458.jpg 1024w, https:\/\/chiendeberger.fr\/wp-content\/uploads\/2025\/07\/2025_Mezeriat_JMarguet_21-07-_2025_19-35-30-768x344.jpg 768w, https:\/\/chiendeberger.fr\/wp-content\/uploads\/2025\/07\/2025_Mezeriat_JMarguet_21-07-_2025_19-35-30-1536x687.jpg 1536w\" sizes=\"(max-width: 840px) 100vw, 840px\" \/><\/figure>\n\n\n\n<p><\/p>\n\n\n\n<p>Michel Pillard avec Syphen, 1er en niveau 3 le dimanche 13 juillet 2025<\/p>\n\n\n\n<figure class=\"wp-block-image size-large is-resized\"><img decoding=\"async\" loading=\"lazy\" src=\"https:\/\/chiendeberger.fr\/wp-content\/uploads\/2025\/07\/Mezeriat_2025_MPillard_21-07-_2025_19-56-37-1024x549.jpg\" alt=\"\" class=\"wp-image-3674\" width=\"840\" height=\"450\" srcset=\"https:\/\/chiendeberger.fr\/wp-content\/uploads\/2025\/07\/Mezeriat_2025_MPillard_21-07-_2025_19-56-37-1024x549.jpg 1024w, https:\/\/chiendeberger.fr\/wp-content\/uploads\/2025\/07\/Mezeriat_2025_MPillard_21-07-_2025_19-56-37-300x161.jpg 300w, https:\/\/chiendeberger.fr\/wp-content\/uploads\/2025\/07\/Mezeriat_2025_MPillard_21-07-_2025_19-56-37-768x412.jpg 768w, https:\/\/chiendeberger.fr\/wp-content\/uploads\/2025\/07\/Mezeriat_2025_MPillard_21-07-_2025_19-56-37.jpg 1520w\" sizes=\"(max-width: 840px) 100vw, 840px\" \/><\/figure>\n\n\n\n<p><\/p>\n\n\n\n<figure class=\"wp-block-image size-large\"><img decoding=\"async\" loading=\"lazy\" width=\"1024\" height=\"565\" src=\"https:\/\/chiendeberger.fr\/wp-content\/uploads\/2025\/07\/225_Mezeriat_Bisquert_21-07-_2025_19-44-53-1024x565.jpg\" alt=\"\" class=\"wp-image-3671\" srcset=\"https:\/\/chiendeberger.fr\/wp-content\/uploads\/2025\/07\/225_Mezeriat_Bisquert_21-07-_2025_19-44-53-1024x565.jpg 1024w, https:\/\/chiendeberger.fr\/wp-content\/uploads\/2025\/07\/225_Mezeriat_Bisquert_21-07-_2025_19-44-53-300x166.jpg 300w, https:\/\/chiendeberger.fr\/wp-content\/uploads\/2025\/07\/225_Mezeriat_Bisquert_21-07-_2025_19-44-53-768x424.jpg 768w, https:\/\/chiendeberger.fr\/wp-content\/uploads\/2025\/07\/225_Mezeriat_Bisquert_21-07-_2025_19-44-53.jpg 1520w\" sizes=\"(max-width: 1024px) 100vw, 1024px\" \/><\/figure>\n\n\n\n<p>Urkan avec JM Bisquert, premier en niveau 1 le samedi 12 juillet 2025<\/p>\n","protected":false},"excerpt":{"rendered":"<p>Concours \u00ab troupeau \u00bb Continental, M\u00e9z\u00e9riat les 11, 12, 13 juillet 2025 C\u2019est avec un r\u00e9el plaisir que j\u2019ai r\u00e9pondu favorablement \u00e0 l\u2019invitation de G\u00e9rard Amoros pour juger ce concours. Dix races* diff\u00e9rentes s\u2019affrontaient, chacune d\u2019elles avec ses sp\u00e9cificit\u00e9s raciales. En niveau 1 le vendredi c\u2019est le chien non LOF de Anne-Sophie Lebrun qui se [&hellip;]<\/p>\n","protected":false},"author":1,"featured_media":0,"comment_status":"closed","ping_status":"closed","sticky":false,"template":"","format":"standard","meta":[],"categories":[26],"tags":[],"_links":{"self":[{"href":"https:\/\/chiendeberger.fr\/index.php\/wp-json\/wp\/v2\/posts\/3669"}],"collection":[{"href":"https:\/\/chiendeberger.fr\/index.php\/wp-json\/wp\/v2\/posts"}],"about":[{"href":"https:\/\/chiendeberger.fr\/index.php\/wp-json\/wp\/v2\/types\/post"}],"author":[{"embeddable":true,"href":"https:\/\/chiendeberger.fr\/index.php\/wp-json\/wp\/v2\/users\/1"}],"replies":[{"embeddable":true,"href":"https:\/\/chiendeberger.fr\/index.php\/wp-json\/wp\/v2\/comments?post=3669"}],"version-history":[{"count":4,"href":"https:\/\/chiendeberger.fr\/index.php\/wp-json\/wp\/v2\/posts\/3669\/revisions"}],"predecessor-version":[{"id":3678,"href":"https:\/\/chiendeberger.fr\/index.php\/wp-json\/wp\/v2\/posts\/3669\/revisions\/3678"}],"wp:attachment":[{"href":"https:\/\/chiendeberger.fr\/index.php\/wp-json\/wp\/v2\/media?parent=3669"}],"wp:term":[{"taxonomy":"category","embeddable":true,"href":"https:\/\/chiendeberger.fr\/index.php\/wp-json\/wp\/v2\/categories?post=3669"},{"taxonomy":"post_tag","embeddable":true,"href":"https:\/\/chiendeberger.fr\/index.php\/wp-json\/wp\/v2\/tags?post=3669"}],"curies":[{"name":"wp","href":"https:\/\/api.w.org\/{rel}","templated":true}]}}